{"id":87803,"date":"2025-07-10T05:12:00","date_gmt":"2025-07-10T12:12:00","guid":{"rendered":"https:\/\/hypercharge.com\/blog\/recharge-de-ve-par-portefeuille-lecons-tirees-des-deploiements-multisites\/"},"modified":"2026-03-04T11:36:40","modified_gmt":"2026-03-04T19:36:40","slug":"recharge-de-ve-par-portefeuille-lecons-tirees-des-deploiements-multisites","status":"publish","type":"post","link":"https:\/\/hypercharge.com\/fr\/blog\/recharge-de-ve-par-portefeuille-lecons-tirees-des-deploiements-multisites\/","title":{"rendered":"Recharge de VE par portefeuille : Le\u00e7ons tir\u00e9es des d\u00e9ploiements multisites"},"content":{"rendered":"<p>[et_pb_section fb_built=\u00a0\u00bb1&Prime; _builder_version=\u00a0\u00bb4.25.2&Prime; background_color=\u00a0\u00bbgcid-e33f8766-dffb-4d73-ab3e-baaca5820587&Prime; custom_margin=\u00a0\u00bb0px||||false|false\u00a0\u00bb custom_padding=\u00a0\u00bb0px||0px||false|false\u00a0\u00bb da_disable_devices=\u00a0\u00bboff|off|off\u00a0\u00bb global_colors_info=\u00a0\u00bb{%22gcid-e33f8766-dffb-4d73-ab3e-baaca5820587%22:%91%22background_color%22%93}\u00a0\u00bb theme_builder_area=\u00a0\u00bbpost_content\u00a0\u00bb da_is_popup=\u00a0\u00bboff\u00a0\u00bb da_exit_intent=\u00a0\u00bboff\u00a0\u00bb da_has_close=\u00a0\u00bbon\u00a0\u00bb da_alt_close=\u00a0\u00bboff\u00a0\u00bb da_dark_close=\u00a0\u00bboff\u00a0\u00bb da_not_modal=\u00a0\u00bbon\u00a0\u00bb da_is_singular=\u00a0\u00bboff\u00a0\u00bb da_with_loader=\u00a0\u00bboff\u00a0\u00bb da_has_shadow=\u00a0\u00bbon\u00a0\u00bb][et_pb_row _builder_version=\u00a0\u00bb4.25.2&Prime; background_size=\u00a0\u00bbinitial\u00a0\u00bb background_position=\u00a0\u00bbtop_left\u00a0\u00bb background_repeat=\u00a0\u00bbrepeat\u00a0\u00bb custom_margin=\u00a0\u00bb0px|auto||22px|false|false\u00a0\u00bb custom_padding=\u00a0\u00bb0px||0px||false|false\u00a0\u00bb global_colors_info=\u00a0\u00bb{}\u00a0\u00bb theme_builder_area=\u00a0\u00bbpost_content\u00a0\u00bb][et_pb_column type=\u00a0\u00bb4_4&Prime; _builder_version=\u00a0\u00bb4.16&Prime; custom_padding=\u00a0\u00bb|||\u00a0\u00bb global_colors_info=\u00a0\u00bb{}\u00a0\u00bb custom_padding__hover=\u00a0\u00bb|||\u00a0\u00bb theme_builder_area=\u00a0\u00bbpost_content\u00a0\u00bb][et_pb_text _builder_version=\u00a0\u00bb4.27.0&Prime; text_font=\u00a0\u00bb||||||||\u00a0\u00bb link_text_color=\u00a0\u00bb#f04d25&Prime; background_size=\u00a0\u00bbinitial\u00a0\u00bb background_position=\u00a0\u00bbtop_left\u00a0\u00bb background_repeat=\u00a0\u00bbrepeat\u00a0\u00bb custom_margin=\u00a0\u00bb||60px||false|false\u00a0\u00bb custom_padding=\u00a0\u00bb||||false|false\u00a0\u00bb global_colors_info=\u00a0\u00bb{}\u00a0\u00bb link_text_color__hover_enabled=\u00a0\u00bboff|desktop\u00a0\u00bb theme_builder_area=\u00a0\u00bbpost_content\u00a0\u00bb]<\/p>\n<p>Hypercharge a travaill\u00e9 en \u00e9troite collaboration avec de nombreux <a href=\"https:\/\/hypercharge.com\/blog\/top-15-ev-charging-esg-tactics-for-reit-commercial-and-multifamily-portfolios\/\">FPI, promoteurs et gestionnaires immobiliers<\/a> pour r\u00e9aliser leurs ambitions en mati\u00e8re de recharge de v\u00e9hicules \u00e9lectriques, tant pour les grandes quantit\u00e9s les plus petites.<\/p>\n<p>Au fil du temps, nous avons appris plus d\u2019une chose ou deux sur la complexit\u00e9 des installations \u00e0 grande \u00e9chelle et sur ce qu\u2019il faut pour lancer avec succ\u00e8s la recharge \u00e0 l\u2019\u00e9chelle du portefeuille.<\/p>\n<p>Voici quelques-uns de nos choix pr\u00e9f\u00e9r\u00e9s pour les d\u00e9ploiements multisites, tir\u00e9s des le\u00e7ons tir\u00e9es du d\u00e9ploiement strat\u00e9gique de la recharge de VE sur des centaines de sites.<\/p>\n<p>[\/et_pb_text][et_pb_text _builder_version=\u00a0\u00bb4.27.0&Prime; _module_preset=\u00a0\u00bbdefault\u00a0\u00bb text_font=\u00a0\u00bb&#8211;et_global_body_font|500|||||||\u00a0\u00bb text_font_size=\u00a0\u00bb24px\u00a0\u00bb text_letter_spacing=\u00a0\u00bb-2px\u00a0\u00bb link_text_color=\u00a0\u00bb#f04d25&Prime; header_2_text_align=\u00a0\u00bbleft\u00a0\u00bb header_2_font_size=\u00a0\u00bb27px\u00a0\u00bb text_orientation=\u00a0\u00bbcenter\u00a0\u00bb custom_margin=\u00a0\u00bb||20px||false|false\u00a0\u00bb custom_padding=\u00a0\u00bb||||false|false\u00a0\u00bb locked=\u00a0\u00bboff\u00a0\u00bb global_colors_info=\u00a0\u00bb{}\u00a0\u00bb link_text_color__hover_enabled=\u00a0\u00bboff|desktop\u00a0\u00bb theme_builder_area=\u00a0\u00bbpost_content\u00a0\u00bb]<\/p>\n<h2>\u2705 Utilisez la taille \u00e0 votre avantage<\/h2>\n<p>[\/et_pb_text][et_pb_text _builder_version=\u00a0\u00bb4.27.4&Prime; link_text_color=\u00a0\u00bb#f04d25&Prime; background_size=\u00a0\u00bbinitial\u00a0\u00bb background_position=\u00a0\u00bbtop_left\u00a0\u00bb background_repeat=\u00a0\u00bbrepeat\u00a0\u00bb custom_margin=\u00a0\u00bb||60px||false|false\u00a0\u00bb custom_padding=\u00a0\u00bb||||false|false\u00a0\u00bb locked=\u00a0\u00bboff\u00a0\u00bb global_colors_info=\u00a0\u00bb{}\u00a0\u00bb link_text_color__hover_enabled=\u00a0\u00bboff|desktop\u00a0\u00bb theme_builder_area=\u00a0\u00bbpost_content\u00a0\u00bb]<\/p>\n<p>plus de 250L\u2019installation de la recharge de VE sur plusieurs propri\u00e9t\u00e9s offre un pouvoir d\u2019achat consid\u00e9rable, permet de simplifier les processus de permis et de budg\u00e9tisation, et constitue un puissant facteur d\u2019att\u00e9nuation des risques.<\/p>\n<p>En partenariat avec Hypercharge, vous pouvez \u00e9viter les risques de projets ponctuels et de d\u00e9cisions ponctuelles en cr\u00e9ant un plan strat\u00e9gique bas\u00e9 sur les donn\u00e9es pour la recharge de VE qui s\u2019aligne avec votre cadre global d\u2019investissement.<\/p>\n<p>Nos experts apportent des perspectives pr\u00e9cieuses et des solutions compl\u00e8tes, obtenues gr\u00e2ce \u00e0 des collaborations \u00e9troites avec des organisations de premier plan.<\/p>\n<p>Un exemple est le groupe Deveraux, qui a install\u00e9 plus de 230 stations de recharge hypercharge de niveau 2 sur ses propri\u00e9t\u00e9s \u00e0 ce jour, avec plus <a href=\"https:\/\/hypercharge.com\/blog\/hypercharge-and-auctus-property-fund-lp-launch-multi-year-ev-charging-project-across-western-canada\/\">de 400 autres pr\u00e9vues dans 16 communaut\u00e9s locatives d\u2019ici 2027<\/a>.<\/p>\n<p>[\/et_pb_text][et_pb_text _builder_version=\u00a0\u00bb4.27.0&Prime; _module_preset=\u00a0\u00bbdefault\u00a0\u00bb text_font=\u00a0\u00bb&#8211;et_global_body_font|500|||||||\u00a0\u00bb text_font_size=\u00a0\u00bb24px\u00a0\u00bb text_letter_spacing=\u00a0\u00bb-2px\u00a0\u00bb link_text_color=\u00a0\u00bb#f04d25&Prime; header_2_text_align=\u00a0\u00bbleft\u00a0\u00bb header_2_font_size=\u00a0\u00bb27px\u00a0\u00bb text_orientation=\u00a0\u00bbcenter\u00a0\u00bb custom_margin=\u00a0\u00bb||20px||false|false\u00a0\u00bb custom_padding=\u00a0\u00bb||||false|false\u00a0\u00bb locked=\u00a0\u00bboff\u00a0\u00bb global_colors_info=\u00a0\u00bb{}\u00a0\u00bb link_text_color__hover_enabled=\u00a0\u00bboff|desktop\u00a0\u00bb theme_builder_area=\u00a0\u00bbpost_content\u00a0\u00bb]<\/p>\n<h2>\u274c Ne n\u00e9gligez pas les sources potentielles de revenus<\/h2>\n<p>[\/et_pb_text][et_pb_text _builder_version=\u00a0\u00bb4.27.4&Prime; text_font=\u00a0\u00bb||||||||\u00a0\u00bb link_text_color=\u00a0\u00bb#f04d25&Prime; background_size=\u00a0\u00bbinitial\u00a0\u00bb background_position=\u00a0\u00bbtop_left\u00a0\u00bb background_repeat=\u00a0\u00bbrepeat\u00a0\u00bb custom_margin=\u00a0\u00bb||60px||false|false\u00a0\u00bb custom_padding=\u00a0\u00bb||||false|false\u00a0\u00bb global_colors_info=\u00a0\u00bb{}\u00a0\u00bb link_text_color__hover_enabled=\u00a0\u00bboff|desktop\u00a0\u00bb theme_builder_area=\u00a0\u00bbpost_content\u00a0\u00bb]<\/p>\n<p>Les frais de facturation ne sont pas la seule fa\u00e7on de <a href=\"https:\/\/hypercharge.com\/blog\/monetizing-ev-charging-for-reits-unlock-new-portfolio-wide-revenue\/\">g\u00e9n\u00e9rer des revenus<\/a> gr\u00e2ce \u00e0 votre op\u00e9ration de recharge.<\/p>\n<p>Boostez votre marque en enveloppant vos stations de recharge Hypercharge EV de votre logo et en exploitant les affichages haute d\u00e9finition sur certains bornes de recharge pour ouvrir des opportunit\u00e9s de publicit\u00e9 et de commandite. <a href=\"https:\/\/hypercharge.com\/solutions\/level2\/autelacultra\/\">L\u2019Autel MaxiCharger AC Ultra<\/a>, par exemple, offre un \u00e9cran tactile HD de 8 pouces pour des publicit\u00e9s photo et vid\u00e9o vibrantes et cristallines.   <\/p>\n<p>En Colombie-Britannique, les propri\u00e9t\u00e9s commerciales et multifamiliales peuvent participer au <a href=\"https:\/\/hypercharge.com\/solutions\/services\/carbon-credits\/\">programme de cr\u00e9dits carbone Hypercharge<\/a>, obtenant des cr\u00e9dits carbone \u00e0 chaque s\u00e9ance de recharge, qui sont r\u00e9compens\u00e9s annuellement par un paiement en argent ou en \u00e9quipement.<\/p>\n<p>[\/et_pb_text][et_pb_text _builder_version=\u00a0\u00bb4.27.4&Prime; _module_preset=\u00a0\u00bbdefault\u00a0\u00bb text_font=\u00a0\u00bb&#8211;et_global_body_font|500|||||||\u00a0\u00bb text_font_size=\u00a0\u00bb24px\u00a0\u00bb text_letter_spacing=\u00a0\u00bb-2px\u00a0\u00bb link_text_color=\u00a0\u00bb#f04d25&Prime; header_2_text_align=\u00a0\u00bbleft\u00a0\u00bb header_2_font_size=\u00a0\u00bb27px\u00a0\u00bb text_orientation=\u00a0\u00bbcenter\u00a0\u00bb custom_margin=\u00a0\u00bb||20px||false|false\u00a0\u00bb custom_padding=\u00a0\u00bb||||false|false\u00a0\u00bb locked=\u00a0\u00bboff\u00a0\u00bb global_colors_info=\u00a0\u00bb{}\u00a0\u00bb link_text_color__hover_enabled=\u00a0\u00bboff|desktop\u00a0\u00bb theme_builder_area=\u00a0\u00bbpost_content\u00a0\u00bb]<\/p>\n<h2>\u2705 N\u2019h\u00e9sitez pas \u00e0 consulter vos locataires<\/h2>\n<p>[\/et_pb_text][et_pb_text _builder_version=\u00a0\u00bb4.27.4&Prime; text_font=\u00a0\u00bb||||||||\u00a0\u00bb link_text_color=\u00a0\u00bb#f04d25&Prime; background_size=\u00a0\u00bbinitial\u00a0\u00bb background_position=\u00a0\u00bbtop_left\u00a0\u00bb background_repeat=\u00a0\u00bbrepeat\u00a0\u00bb custom_margin=\u00a0\u00bb||60px||false|false\u00a0\u00bb custom_padding=\u00a0\u00bb||||false|false\u00a0\u00bb global_colors_info=\u00a0\u00bb{}\u00a0\u00bb link_text_color__hover_enabled=\u00a0\u00bboff|desktop\u00a0\u00bb theme_builder_area=\u00a0\u00bbpost_content\u00a0\u00bb]<\/p>\n<p>Demander \u00e0 vos locataires quels sont leurs besoins actuels et futurs en recharge de VE est tellement important, c\u2019est le deuxi\u00e8me point de notre <a href=\"https:\/\/hypercharge.com\/blog\/what-large-scale-property-owners-need-to-get-ready-for-ev-charging\/\">liste de v\u00e9rification en 7 points pour la pr\u00e9paration \u00e0 la recharge de VE destin\u00e9e aux grands propri\u00e9taires<\/a>.<\/p>\n<p>Gr\u00e2ce \u00e0 des r\u00e9unions ou des sondages, vous pouvez recueillir des informations essentielles qui guideront le nombre, le type, l\u2019emplacement de vos bornes de charge, ainsi que les mises \u00e0 niveau \u00e9lectriques n\u00e9cessaires, et aider \u00e0 obtenir le soutien de vos locataires avant le processus d\u2019installation.<\/p>\n<p>[\/et_pb_text][et_pb_text _builder_version=\u00a0\u00bb4.27.0&Prime; _module_preset=\u00a0\u00bbdefault\u00a0\u00bb text_font=\u00a0\u00bb&#8211;et_global_body_font|500|||||||\u00a0\u00bb text_font_size=\u00a0\u00bb24px\u00a0\u00bb text_letter_spacing=\u00a0\u00bb-2px\u00a0\u00bb link_text_color=\u00a0\u00bb#f04d25&Prime; header_2_text_align=\u00a0\u00bbleft\u00a0\u00bb header_2_font_size=\u00a0\u00bb27px\u00a0\u00bb text_orientation=\u00a0\u00bbcenter\u00a0\u00bb min_height=\u00a0\u00bb0px\u00a0\u00bb custom_margin=\u00a0\u00bb||20px||false|false\u00a0\u00bb custom_padding=\u00a0\u00bb||||false|false\u00a0\u00bb locked=\u00a0\u00bboff\u00a0\u00bb global_colors_info=\u00a0\u00bb{}\u00a0\u00bb link_text_color__hover_enabled=\u00a0\u00bboff|desktop\u00a0\u00bb theme_builder_area=\u00a0\u00bbpost_content\u00a0\u00bb]<\/p>\n<h2>\u274c Ne perdez pas d\u2019argent avec des tarifs universels<\/h2>\n<p>[\/et_pb_text][et_pb_text _builder_version=\u00a0\u00bb4.27.4&Prime; link_text_color=\u00a0\u00bb#f04d25&Prime; background_size=\u00a0\u00bbinitial\u00a0\u00bb background_position=\u00a0\u00bbtop_left\u00a0\u00bb background_repeat=\u00a0\u00bbrepeat\u00a0\u00bb custom_margin=\u00a0\u00bb||0px||false|false\u00a0\u00bb custom_padding=\u00a0\u00bb0px||10px||false|false\u00a0\u00bb locked=\u00a0\u00bboff\u00a0\u00bb global_colors_info=\u00a0\u00bb{}\u00a0\u00bb link_text_color__hover_enabled=\u00a0\u00bboff|desktop\u00a0\u00bb theme_builder_area=\u00a0\u00bbpost_content\u00a0\u00bb]<\/p>\n<p>Il peut \u00eatre tentant d\u2019offrir \u00e0 tous les utilisateurs les m\u00eames <a href=\"https:\/\/hypercharge.com\/fr\/blog\/gagner-de-largent-avec-la-recharge-de-ve-foire-aux-questions\/\">tarifs pour la recharge de v\u00e9hicules \u00e9lectriques<\/a>, comme des frais mensuels standards pour tous les locataires d\u2019un immeuble r\u00e9sidentiel.<\/p>\n<p>Mais que se passe-t-il si un des r\u00e9sidents est un conducteur professionnel avec un app\u00e9tit d\u00e9mesur\u00e9 pour la recharge?<\/p>\n<p>Et si vous voulez r\u00e9duire vos factures d\u2019\u00e9nergie en incitant \u00e0 la recharge pendant les heures de pointe?<\/p>\n<p><a href=\"https:\/\/hypercharge.com\/solutions\/software\/quantev\/\">Quantev\u2122 Operations Suite<\/a>, la plateforme avanc\u00e9e d\u2019analytique et gestion en nuage d\u2019Hypercharge, vous permet d\u2019organiser les utilisateurs en groupes, de d\u00e9finir des taux de recharge personnalis\u00e9s et dynamiques, et d\u2019analyser les sch\u00e9mas d\u2019utilisation pour un contr\u00f4le sophistiqu\u00e9 sur le moment, le lieu et la mani\u00e8re dont les bornes sont accessibles.<\/p>\n<p>[\/et_pb_text][et_pb_text _builder_version=\u00a0\u00bb4.27.0&Prime; _module_preset=\u00a0\u00bbdefault\u00a0\u00bb text_font=\u00a0\u00bb&#8211;et_global_body_font|500|||||||\u00a0\u00bb text_font_size=\u00a0\u00bb24px\u00a0\u00bb text_letter_spacing=\u00a0\u00bb-2px\u00a0\u00bb link_text_color=\u00a0\u00bb#f04d25&Prime; header_2_text_align=\u00a0\u00bbleft\u00a0\u00bb header_2_font_size=\u00a0\u00bb27px\u00a0\u00bb text_orientation=\u00a0\u00bbcenter\u00a0\u00bb custom_margin=\u00a0\u00bb60px||20px||false|false\u00a0\u00bb custom_padding=\u00a0\u00bb||||false|false\u00a0\u00bb locked=\u00a0\u00bboff\u00a0\u00bb global_colors_info=\u00a0\u00bb{}\u00a0\u00bb link_text_color__hover_enabled=\u00a0\u00bboff|desktop\u00a0\u00bb theme_builder_area=\u00a0\u00bbpost_content\u00a0\u00bb]<\/p>\n<h2>\u2705 Adoptez une approche holistique de l\u2019\u00e9nergie propre<\/h2>\n<p>[\/et_pb_text][et_pb_text _builder_version=\u00a0\u00bb4.27.4&Prime; link_text_color=\u00a0\u00bb#f04d25&Prime; background_size=\u00a0\u00bbinitial\u00a0\u00bb background_position=\u00a0\u00bbtop_left\u00a0\u00bb background_repeat=\u00a0\u00bbrepeat\u00a0\u00bb custom_margin=\u00a0\u00bb||0px||false|false\u00a0\u00bb custom_padding=\u00a0\u00bb0px||10px||false|false\u00a0\u00bb locked=\u00a0\u00bboff\u00a0\u00bb global_colors_info=\u00a0\u00bb{}\u00a0\u00bb link_text_color__hover_enabled=\u00a0\u00bboff|desktop\u00a0\u00bb theme_builder_area=\u00a0\u00bbpost_content\u00a0\u00bb]<\/p>\n<p>Lorsque Mattamy Homes a demand\u00e9 \u00e0 Hypercharge de fournir plus de 300 bornes de recharge pour VE de niveau 2 \u00e0 des projets multifamiliaux dans la r\u00e9gion du Grand Toronto, elle s\u2019est positionn\u00e9e comme un leader dans l\u2019industrie de la construction r\u00e9sidentielle <a href=\"https:\/\/hypercharge.com\/blog\/combatting-climate-change-with-ev-charging\/\">dans le d\u00e9veloppement de communaut\u00e9s durables<\/a>.<\/p>\n<p>Mais l\u2019engagement de Mattamy Homes envers l\u2019environnement ne commence ni ne s\u2019arr\u00eate avec la recharge de v\u00e9hicules \u00e9lectriques. Les stations de recharge Hypercharge pour <a href=\"https:\/\/mattamycardinghouse.ca\/\" rel=\"noopener\">Carding House<\/a>, par exemple, un nouveau d\u00e9veloppement \u00e0 usage mixte de cinq \u00e9tages \u00e0 Oakville, en Ontario, sont compl\u00e9t\u00e9es par un syst\u00e8me g\u00e9othermique, du b\u00e9ton \u00e0 faible \u00e9mission de carbone et des thermopompes g\u00e9othermiques. <\/p>\n<p>Ensemble, ces strat\u00e9gies durables et d\u2019autres r\u00e9duiront les \u00e9missions de carbone op\u00e9rationnelles et incorpor\u00e9es du b\u00e2timent jusqu\u2019\u00e0 29% par ann\u00e9e comparativement aux exigences du Code du b\u00e2timent de l\u2019Ontario, et contribueront \u00e0 faire d\u2019Oakville une communaut\u00e9 plus verte et plus propre.  <\/p>\n<p>[\/et_pb_text][et_pb_text _builder_version=\u00a0\u00bb4.27.0&Prime; _module_preset=\u00a0\u00bbdefault\u00a0\u00bb text_font=\u00a0\u00bb&#8211;et_global_body_font|500|||||||\u00a0\u00bb text_font_size=\u00a0\u00bb24px\u00a0\u00bb text_letter_spacing=\u00a0\u00bb-2px\u00a0\u00bb link_text_color=\u00a0\u00bb#f04d25&Prime; header_2_text_align=\u00a0\u00bbleft\u00a0\u00bb header_2_font_size=\u00a0\u00bb27px\u00a0\u00bb text_orientation=\u00a0\u00bbcenter\u00a0\u00bb custom_margin=\u00a0\u00bb60px||20px||false|false\u00a0\u00bb custom_padding=\u00a0\u00bb||||false|false\u00a0\u00bb locked=\u00a0\u00bboff\u00a0\u00bb global_colors_info=\u00a0\u00bb{}\u00a0\u00bb link_text_color__hover_enabled=\u00a0\u00bboff|desktop\u00a0\u00bb theme_builder_area=\u00a0\u00bbpost_content\u00a0\u00bb]<\/p>\n<h2>\u274c Ne d\u00e9duisez pas la recharge des VE pour des propri\u00e9t\u00e9s de classe B et C<\/h2>\n<p>[\/et_pb_text][et_pb_text _builder_version=\u00a0\u00bb4.27.4&Prime; link_text_color=\u00a0\u00bb#f04d25&Prime; background_size=\u00a0\u00bbinitial\u00a0\u00bb background_position=\u00a0\u00bbtop_left\u00a0\u00bb background_repeat=\u00a0\u00bbrepeat\u00a0\u00bb custom_margin=\u00a0\u00bb||0px||false|false\u00a0\u00bb custom_padding=\u00a0\u00bb0px||10px||false|false\u00a0\u00bb locked=\u00a0\u00bboff\u00a0\u00bb global_colors_info=\u00a0\u00bb{}\u00a0\u00bb link_text_color__hover_enabled=\u00a0\u00bboff|desktop\u00a0\u00bb theme_builder_area=\u00a0\u00bbpost_content\u00a0\u00bb]<\/p>\n<p>Les perceptions concernant les conducteurs de VE et la complexit\u00e9 de la r\u00e9novation de propri\u00e9t\u00e9s anciennes peuvent amener les propri\u00e9taires et gestionnaires \u00e0 n\u00e9gliger les opportunit\u00e9s de recharge de VE sur les propri\u00e9t\u00e9s de classe B et C.<\/p>\n<p>\u00c0 mesure que l\u2019adoption des VE s\u2019\u00e9tend, la demande pour la recharge de VE <a href=\"https:\/\/hypercharge.com\/blog\/ev-charging-strategy-for-real-estate-turning-infrastructure-into-competitive-advantage\/\">devient de plus en plus cruciale pour attirer et fid\u00e9liser des locataires<\/a> dans divers \u00e9tablissements, et <a href=\"https:\/\/www.nature.com\/articles\/s41467-024-51554-9\" rel=\"noopener\">des recherches ont d\u00e9montr\u00e9<\/a> que les entreprises situ\u00e9es dans divers quartiers b\u00e9n\u00e9ficient de l\u2019introduction de stations de recharge pour VE.<\/p>\n<p>Lorsque l\u2019infrastructure \u00e9lectrique sous-jacente est un d\u00e9fi, Hypercharge peut recommander des solutions personnalis\u00e9es adapt\u00e9es \u00e0 des mises \u00e0 niveau s\u00e9lectives ou \u00e0 l\u2019alimentation \u00e9lectrique existante.<\/p>\n<p>[\/et_pb_text][et_pb_text _builder_version=\u00a0\u00bb4.27.0&Prime; _module_preset=\u00a0\u00bbdefault\u00a0\u00bb text_font=\u00a0\u00bb&#8211;et_global_body_font|500|||||||\u00a0\u00bb text_font_size=\u00a0\u00bb24px\u00a0\u00bb text_letter_spacing=\u00a0\u00bb-2px\u00a0\u00bb link_text_color=\u00a0\u00bb#f04d25&Prime; header_2_text_align=\u00a0\u00bbleft\u00a0\u00bb header_2_font_size=\u00a0\u00bb27px\u00a0\u00bb text_orientation=\u00a0\u00bbcenter\u00a0\u00bb custom_margin=\u00a0\u00bb60px||20px||false|false\u00a0\u00bb custom_padding=\u00a0\u00bb||||false|false\u00a0\u00bb locked=\u00a0\u00bboff\u00a0\u00bb global_colors_info=\u00a0\u00bb{}\u00a0\u00bb link_text_color__hover_enabled=\u00a0\u00bboff|desktop\u00a0\u00bb theme_builder_area=\u00a0\u00bbpost_content\u00a0\u00bb]<\/p>\n<h2>\u2705 Demandez un plan pr\u00eat pour les v\u00e9hicules \u00e9lectriques hyperchargeables pour les projets de r\u00e9novation<\/h2>\n<p>[\/et_pb_text][et_pb_text _builder_version=\u00a0\u00bb4.27.4&Prime; link_text_color=\u00a0\u00bb#f04d25&Prime; background_size=\u00a0\u00bbinitial\u00a0\u00bb background_position=\u00a0\u00bbtop_left\u00a0\u00bb background_repeat=\u00a0\u00bbrepeat\u00a0\u00bb custom_margin=\u00a0\u00bb||30px||false|false\u00a0\u00bb custom_padding=\u00a0\u00bb||||false|false\u00a0\u00bb locked=\u00a0\u00bboff\u00a0\u00bb global_colors_info=\u00a0\u00bb{}\u00a0\u00bb link_text_color__hover_enabled=\u00a0\u00bboff|desktop\u00a0\u00bb theme_builder_area=\u00a0\u00bbpost_content\u00a0\u00bb]<\/p>\n<p>Un <a href=\"https:\/\/hypercharge.com\/solutions\/services\/evreadyplans\/\">plan Hypercharge EV Ready<\/a> facilite et facilite la r\u00e9novation de vieux b\u00e2timents en combinant une <a href=\"https:\/\/hypercharge.com\/blog\/comprehensive-ev-ready-plan-guide-maximize-your-savings\/\">\u00e9valuation d\u00e9taill\u00e9e avec un plan d\u00e9taill\u00e9<\/a> pour votre op\u00e9ration de recharge.<\/p>\n<p>Nous \u00e9valuerons les besoins de vos locataires, la capacit\u00e9 \u00e9lectrique actuelle des propri\u00e9t\u00e9s et d\u2019autres \u00e9l\u00e9ments essentiels avant d\u2019\u00e9tablir un plan clair incluant des recommandations pour les am\u00e9liorations, le mat\u00e9riel et les logiciels, des estimations de co\u00fbts et un rapport de planification \u00e9lectrique (EPR).<\/p>\n<p>[\/et_pb_text][et_pb_text _builder_version=\u00a0\u00bb4.27.0&Prime; _module_preset=\u00a0\u00bbdefault\u00a0\u00bb text_font=\u00a0\u00bb&#8211;et_global_body_font|500|||||||\u00a0\u00bb text_font_size=\u00a0\u00bb24px\u00a0\u00bb text_letter_spacing=\u00a0\u00bb-2px\u00a0\u00bb link_text_color=\u00a0\u00bb#f04d25&Prime; header_2_text_align=\u00a0\u00bbleft\u00a0\u00bb header_2_font_size=\u00a0\u00bb27px\u00a0\u00bb text_orientation=\u00a0\u00bbcenter\u00a0\u00bb custom_margin=\u00a0\u00bb60px||20px||false|false\u00a0\u00bb custom_padding=\u00a0\u00bb||||false|false\u00a0\u00bb locked=\u00a0\u00bboff\u00a0\u00bb global_colors_info=\u00a0\u00bb{}\u00a0\u00bb link_text_color__hover_enabled=\u00a0\u00bboff|desktop\u00a0\u00bb theme_builder_area=\u00a0\u00bbpost_content\u00a0\u00bb]<\/p>\n<h2>\u274c N\u2019attendez pas de nouveaux mandats et r\u00e8glements pour assurer la s\u00e9curit\u00e9 de votre portefeuille<\/h2>\n<p>[\/et_pb_text][et_pb_text _builder_version=\u00a0\u00bb4.27.4&Prime; link_text_color=\u00a0\u00bb#f04d25&Prime; background_size=\u00a0\u00bbinitial\u00a0\u00bb background_position=\u00a0\u00bbtop_left\u00a0\u00bb background_repeat=\u00a0\u00bbrepeat\u00a0\u00bb custom_margin=\u00a0\u00bb||30px||false|false\u00a0\u00bb custom_padding=\u00a0\u00bb||||false|false\u00a0\u00bb locked=\u00a0\u00bboff\u00a0\u00bb global_colors_info=\u00a0\u00bb{}\u00a0\u00bb link_text_color__hover_enabled=\u00a0\u00bboff|desktop\u00a0\u00bb theme_builder_area=\u00a0\u00bbpost_content\u00a0\u00bb]<\/p>\n<p>Les donn\u00e9es sont claires : sur des centaines de propri\u00e9t\u00e9s am\u00e9lior\u00e9es avec des stations de recharge Hypercharge, l\u2019utilisation des bornes augmente constamment \u2014 mois apr\u00e8s mois, ann\u00e9e apr\u00e8s ann\u00e9e \u2014 ainsi que les taux d\u2019adoption des v\u00e9hicules \u00e9lectriques.<\/p>\n<p><strong>L\u2019avenir est \u00e9lectrique, avec ou sans exigences et r\u00e9glementations renforc\u00e9es.<\/strong><\/p>\n<p>C\u2019est pourquoi nous travaillons avec les propri\u00e9taires, gestionnaires et <a href=\"https:\/\/hypercharge.com\/partners\/\">entrepreneurs \u00e9lectriciens de confiance<\/a> pour anticiper les besoins futurs des locataires et garantir que l\u2019infrastructure \u00e9lectrique de chaque propri\u00e9t\u00e9 puisse cro\u00eetre.<\/p>\n<p>[\/et_pb_text][\/et_pb_column][\/et_pb_row][et_pb_row _builder_version=\u00a0\u00bb4.25.2&Prime; background_size=\u00a0\u00bbinitial\u00a0\u00bb background_position=\u00a0\u00bbtop_left\u00a0\u00bb background_repeat=\u00a0\u00bbrepeat\u00a0\u00bb custom_margin=\u00a0\u00bb0px|auto||22px|false|false\u00a0\u00bb custom_padding=\u00a0\u00bb0px||0px||false|false\u00a0\u00bb global_colors_info=\u00a0\u00bb{}\u00a0\u00bb theme_builder_area=\u00a0\u00bbpost_content\u00a0\u00bb][et_pb_column type=\u00a0\u00bb4_4&Prime; _builder_version=\u00a0\u00bb4.16&Prime; custom_padding=\u00a0\u00bb|||\u00a0\u00bb global_colors_info=\u00a0\u00bb{}\u00a0\u00bb custom_padding__hover=\u00a0\u00bb|||\u00a0\u00bb theme_builder_area=\u00a0\u00bbpost_content\u00a0\u00bb][et_pb_text _builder_version=\u00a0\u00bb4.27.4&Prime; text_text_color=\u00a0\u00bb#FFFFFF\u00a0\u00bb link_text_color=\u00a0\u00bb#f04d25&Prime; header_2_text_align=\u00a0\u00bbcenter\u00a0\u00bb header_2_text_color=\u00a0\u00bb#FFFFFF\u00a0\u00bb background_color=\u00a0\u00bbgcid-body-color\u00a0\u00bb background_size=\u00a0\u00bbinitial\u00a0\u00bb background_position=\u00a0\u00bbtop_left\u00a0\u00bb background_repeat=\u00a0\u00bbrepeat\u00a0\u00bb text_orientation=\u00a0\u00bbcenter\u00a0\u00bb custom_margin=\u00a0\u00bb60px||0px||false|false\u00a0\u00bb custom_padding=\u00a0\u00bb30px|30px|30px|30px|true|true\u00a0\u00bb border_radii=\u00a0\u00bbon|10px|10px|10px|10px\u00a0\u00bb border_color_all=\u00a0\u00bbgcid-primary-color\u00a0\u00bb locked=\u00a0\u00bboff\u00a0\u00bb global_colors_info=\u00a0\u00bb{%22gcid-4cbbbbbc-2956-4560-9b4b-008a3e6b5657%22:%91%22link_text_color%22,%22link_text_color%22,%22link_text_color%22,%22link_text_color%22,%22link_text_color%22,%22link_text_color%22,%22link_text_color%22%93,%22gcid-4f4eeadd-8d79-4837-8453-22ff44dfdc2b%22:%91%22link_text_color__hover%22,%22link_text_color__hover%22,%22link_text_color__hover%22,%22link_text_color__hover%22,%22link_text_color__hover%22,%22link_text_color__hover%22,%22link_text_color__hover%22,%22link_text_color__hover%22,%22link_text_color__hover%22,%22link_text_color__hover%22%93,%22gcid-primary-color%22:%91%22border_color_all%22%93,%22gcid-body-color%22:%91%22background_color%22%93}\u00a0\u00bb link_text_color__hover_enabled=\u00a0\u00bboff|desktop\u00a0\u00bb theme_builder_area=\u00a0\u00bbpost_content\u00a0\u00bb]<\/p>\n<h2>Parle \u00e0 Hypercharge<\/h2>\n<p>Lancer une op\u00e9ration de recharge \u00e0 l\u2019\u00e9chelle du portefeuille n\u00e9cessite une planification avis\u00e9e, un partenaire exp\u00e9riment\u00e9 et des solutions avanc\u00e9es de recharge pour VE.<\/p>\n<p><strong>Prenez rendez-vous pour une <a href=\"https:\/\/hypercharge.com\/sales\/\">consultation gratuite de recharge de VE<\/a> avec l\u2019un de nos experts afin d\u2019en apprendre davantage sur la fa\u00e7on dont Hypercharge peut vous aider \u00e0 planifier et \u00e0 ex\u00e9cuter le d\u00e9ploiement \u00e0 grande \u00e9chelle de stations de recharge pour VE sur vos propri\u00e9t\u00e9s.  <\/strong><\/p>\n<p>[\/et_pb_text][\/et_pb_column][\/et_pb_row][\/et_pb_section]<\/p>\n","protected":false},"excerpt":{"rendered":"<p>Hypercharge a travaill\u00e9 en \u00e9troite collaboration avec de nombreux FPI, promoteurs et gestionnaires immobiliers pour r\u00e9aliser leurs ambitions en mati\u00e8re de recharge de v\u00e9hicules \u00e9lectriques, tant pour les grandes quantit\u00e9s les plus petites. Au fil du temps, nous avons appris plus d\u2019une chose ou deux sur la complexit\u00e9 des installations \u00e0 grande \u00e9chelle et sur [&hellip;]<\/p>\n","protected":false},"author":5,"featured_media":87804,"comment_status":"closed","ping_status":"closed","sticky":false,"template":"","format":"standard","meta":{"_et_pb_use_builder":"on","_et_pb_old_content":"","_et_gb_content_width":"","inline_featured_image":false,"footnotes":""},"categories":[278,287],"tags":[],"class_list":["post-87803","post","type-post","status-publish","format-standard","has-post-thumbnail","hentry","category-blogue","category-residentiel-multi-unites"],"_links":{"self":[{"href":"https:\/\/hypercharge.com\/fr\/wp-json\/wp\/v2\/posts\/87803","targetHints":{"allow":["GET"]}}],"collection":[{"href":"https:\/\/hypercharge.com\/fr\/wp-json\/wp\/v2\/posts"}],"about":[{"href":"https:\/\/hypercharge.com\/fr\/wp-json\/wp\/v2\/types\/post"}],"author":[{"embeddable":true,"href":"https:\/\/hypercharge.com\/fr\/wp-json\/wp\/v2\/users\/5"}],"replies":[{"embeddable":true,"href":"https:\/\/hypercharge.com\/fr\/wp-json\/wp\/v2\/comments?post=87803"}],"version-history":[{"count":0,"href":"https:\/\/hypercharge.com\/fr\/wp-json\/wp\/v2\/posts\/87803\/revisions"}],"wp:featuredmedia":[{"embeddable":true,"href":"https:\/\/hypercharge.com\/fr\/wp-json\/wp\/v2\/media\/87804"}],"wp:attachment":[{"href":"https:\/\/hypercharge.com\/fr\/wp-json\/wp\/v2\/media?parent=87803"}],"wp:term":[{"taxonomy":"category","embeddable":true,"href":"https:\/\/hypercharge.com\/fr\/wp-json\/wp\/v2\/categories?post=87803"},{"taxonomy":"post_tag","embeddable":true,"href":"https:\/\/hypercharge.com\/fr\/wp-json\/wp\/v2\/tags?post=87803"}],"curies":[{"name":"wp","href":"https:\/\/api.w.org\/{rel}","templated":true}]}}